{"id":2950,"date":"2022-10-06T12:00:06","date_gmt":"2022-10-06T11:00:06","guid":{"rendered":"https:\/\/friportsur.com\/2022\/10\/06\/frigorificos-portuarios-del-sur-investit-34-me-dans-la-plateforme-logistique-du-froid-a-huelva\/"},"modified":"2023-02-03T19:36:27","modified_gmt":"2023-02-03T18:36:27","slug":"frigorificos-portuarios-del-sur-investit-34-me-dans-la-plateforme-logistique-du-froid-a-huelva","status":"publish","type":"post","link":"https:\/\/friportsur.com\/fr\/2022\/10\/06\/frigorificos-portuarios-del-sur-investit-34-me-dans-la-plateforme-logistique-du-froid-a-huelva\/","title":{"rendered":"\u00ab FRIGOR\u00cdFICOS PORTUARIOS DEL SUR \u00bb INVESTIT 34 M\u20ac DANS LA PLATEFORME LOGISTIQUE DU FROID \u00c0 HUELVA"},"content":{"rendered":"\r\n<p>06\/10\/2022<\/p>\r\n<h6>LA PR\u00c9SENTATION OFFICIELLE DE LA PLATEFORME LOGISTIQUE DU FROID POUR MARCHANDISES \u00c0 TEMP\u00c9RATURE CONTR\u00d4L\u00c9E A EU LIEU CE MERCREDI SUR LE STAND DE \u00ab\u00a0PUERTOS DEL ESTADO\u00a0\u00bb, \u00c0 L\u2019OCCASION DU SALON INTERNATIONAL \u00ab\u00a0FRUIT\u00a0ATTRACTION\u00a0\u00bb QUI SE TIENT CES JOURS-CI \u00c0 MADRID.\r\n<\/h6>\r\n<p><strong>Madrid, 9 novembre 2022 <\/strong>L\u2019entreprise Frigor\u00edficos Portuarios del Sur s\u2019appr\u00eate \u00e0 entamer prochainement les travaux du projet qui pr\u00e9voit la construction, sur un espace de 32 500 m2<sup>2<\/sup>situ\u00e9 sur le quai sud, d\u2019installations frigorifiques de conservation et de cong\u00e9lation offrant une capacit\u00e9 de stockage de 180 000 m3<sup>3 <\/sup>et 25 000 espaces de stockage Les premi\u00e8res installations frigorifiques pour le stockage et le transit de marchandises vers et depuis l\u2019Afrique et le reste du monde.<\/p>\r\n<p>La parcelle est situ\u00e9e en face du poste de contr\u00f4le frontalier (PCF) et \u00e0 proximit\u00e9 du terminal \u00e0 conteneurs et de la plateforme ferroviaire multimodale.<\/p>\r\n<p>L\u2019entreprise adjudicataire du march\u00e9, Frigor\u00edficos Portuarios del Sur, pr\u00e9voit d\u2019investir 34 millions d\u2019euros dans la construction et l\u2019exploitation des installations, qui comprennent \u00e9galement des espaces permettant de prendre en charge diff\u00e9rentes activit\u00e9s li\u00e9es \u00e0 la cong\u00e9lation et au stockage \u00e0 temp\u00e9rature contr\u00f4l\u00e9e, telles que le contr\u00f4le de la qualit\u00e9, le Cross Docking, la re-palettisation et la manutention de marchandises.<\/p>\r\n<p>La c\u00e9r\u00e9monie de pr\u00e9sentation s\u2019est d\u00e9roul\u00e9e en pr\u00e9sence du pr\u00e9sident de Puertos del Estado, M. \u00c1lvaro Rodr\u00edguez Dapena, de la pr\u00e9sidente du port de Huelva, Mme Pilar Miranda, du directeur g\u00e9n\u00e9ral de l\u2019Agence de la gestion agricole et de la p\u00eache d\u2019Andalousie (Agapa), M. Jos\u00e9 Carlos \u00c1lvarez, du maire de Palos de la Frontera, M. Carmelo Romero, du directeur du port de Huelva, M. Ignacio \u00c1lvarez-Ossorio, du directeur g\u00e9n\u00e9ral de Frigor\u00edficos Portuarios del Sur, M. Salvador Urbistondo, du directeur g\u00e9n\u00e9ral de Corporate Venture d\u2019Enag\u00e1s, M. Sergio Garc\u00eda, et du directeur g\u00e9n\u00e9ral d\u2019Efficiency for LNG Applications S.L (E4Efficiency), M. Javier Ruesga.<\/p>\r\n<p>M. Salvador Urbistondo, PDG de Friportsur, a pr\u00e9sent\u00e9 lui-m\u00eame le projet, en le d\u00e9finissant comme \u00ab un grand pari, un grand investissement \u00bb. Il a \u00e9galement f\u00e9licit\u00e9 et remerci\u00e9 toute l\u2019\u00e9quipe du port de Huelva pour son soutien et son implication, l\u2019Agence IDEA pour sa collaboration, ainsi que la soci\u00e9t\u00e9 Enag\u00e1s en tant que compagnon de voyage indispensable, et enfin, la mairie de Palos de la Frontera pour son implication dans le projet.<\/p>\r\n<p>M. Salvador a soulign\u00e9 l\u2019engagement envers ce projet qui doit se d\u00e9rouler \u00ab en deux phases, avec un investissement total d\u2019environ 34 millions, dont 18 millions dans la premi\u00e8re phase et 16 millions dans la deuxi\u00e8me phase \u00bb. Il a d\u00e9taill\u00e9 les caract\u00e9ristiques du projet, en expliquant qu\u2019il s\u2019agit \u00ab d\u2019une installation innovante qui offre une grande capacit\u00e9 de stockage et utilise de l\u2019\u00e9nergie respectueuse de l\u2019environnement. 32 500 m<sup>2<\/sup> de parcelle d\u2019une superficie de 180 000 m<sup>3<\/sup>, formant un ensemble de b\u00e2timents uniques, qui offrent fonctionnalit\u00e9 et habitabilit\u00e9, et r\u00e9pondent \u00e0 toutes les normes de qualit\u00e9 et de s\u00e9curit\u00e9. Une installation frigorifique qui repr\u00e9sente une innovation technologique d\u00e9cisive en Espagne, unique, qui s\u2019inscrit dans une approche durable gr\u00e2ce \u00e0 l\u2019utilisation d\u2019\u00e9nergies alternatives, r\u00e9duisant les co\u00fbts \u00e9nerg\u00e9tiques de 45 % et les co\u00fbts environnementaux de 95 % \u00bb, a-t-il soulign\u00e9.<\/p>\r\n<p>Enfin, il insista sur l\u2019emplacement, notant que Huelva occupe une position privil\u00e9gi\u00e9e pour fournir des services et recevoir des marchandises provenant d\u2019Am\u00e9rique du Sud, ouvrant ainsi une importante porte commerciale vers l\u2019Afrique.<\/p>\r\n<p>&nbsp;<\/p>\r\n<p>La pr\u00e9sidente du port de Huelva, Mme Pilar Miranda, a remerci\u00e9 la soci\u00e9t\u00e9 concessionnaire du projet Friportsur, ainsi que la soci\u00e9t\u00e9 Enag\u00e1s et sa filiale E4E pour leur collaboration, qui permettra \u00e0 cette initiative, pionni\u00e8re et innovante dans l\u2019utilisation du gaz naturel liqu\u00e9fi\u00e9 comme \u00e9nergie, de devenir bient\u00f4t une r\u00e9alit\u00e9 sur le quai sud. La pr\u00e9sidente a d\u00e9clar\u00e9 que le projet, qui utilisera le froid inh\u00e9rent aux processus de regaz\u00e9ification du gaz naturel liqu\u00e9fi\u00e9 men\u00e9s dans la centrale d\u2019Enag\u00e1s comme source d\u2019\u00e9nergie pour ces installations frigorifiques, positionnera le port de Huelva dans la cha\u00eene logistique mondiale des marchandises \u00e0 temp\u00e9rature contr\u00f4l\u00e9e et stimulera les exportations et les importations de produits agro-alimentaires via ce port.<\/p>\r\n<p>Selon la pr\u00e9sidente de l\u2019autorit\u00e9 portuaire de Huelva, Mme Pilar Miranda : \u00ab Il s\u2019agit d\u2019un projet durable, qui contribue \u00e0 r\u00e9duire l\u2019empreinte carbone et les co\u00fbts \u00e9nerg\u00e9tiques, et que je qualifierais de projet gagnant, car il apportera richesse et opportunit\u00e9s \u00e0 Huelva. C\u2019est une initiative compliqu\u00e9e, car, en mati\u00e8re d\u2019urbanisme, il a fallu beaucoup de travail, et il s\u2019agit d\u2019un entrep\u00f4t frigorifique de grandes dimensions, avec un volume exceptionnel et robotis\u00e9, qui offrira de nouveaux services au port, qui continue \u00e0 se d\u00e9velopper en termes de transits traditionnels, mais aussi de diversification ; d\u2019ailleurs nous fonctionnons tr\u00e8s bien en ce qui concerne les marchandises g\u00e9n\u00e9rales, le Ro-Ro et les conteneurs, et nous avons, de fait, lanc\u00e9 un appel d\u2019offres pour le deuxi\u00e8me terminal \u00e0 conteneurs et nous poserons bient\u00f4t la premi\u00e8re pierre de la deuxi\u00e8me rampe Ro-Ro \u00bb.<\/p>\r\n<p>&nbsp;<\/p>\r\n<p>Le pr\u00e9sident de Puertos del Estado a approuv\u00e9 le projet de plateforme logistique du froid et a soulign\u00e9 l\u2019engagement des ports espagnols en faveur de l\u2019innovation comme l\u2019un des principaux enjeux pour renforcer la comp\u00e9titivit\u00e9. our sa part, le directeur g\u00e9n\u00e9ral de l\u2019Agence de gestion agricole et de la p\u00eache d\u2019Andalousie (AGAPA) a soulign\u00e9 que \u00ab l\u2019Andalousie est une r\u00e9gion d\u2019opportunit\u00e9s et d\u2019entrepreneuriat. Dans ce contexte, la collaboration entre les administrations joue un r\u00f4le fondamental, car nous devons nous tenir aux c\u00f4t\u00e9s du secteur et des entreprises qui souhaitent investir. Le port de Huelva joue un r\u00f4le strat\u00e9gique dans la province, en particulier dans le secteur de l\u2019exportation. Et le projet actuel est une opportunit\u00e9 pour le secteur, en cr\u00e9ant des services de logistique du froid et en stimulant les exportations \u00bb. De m\u00eame, le minist\u00e8re r\u00e9gional de l\u2019\u00c9conomie, des Finances et des Fonds europ\u00e9ens de la Junte d\u2019Andalousie a r\u00e9cemment approuv\u00e9, par l\u2019interm\u00e9diaire de l\u2019Agence pour l\u2019innovation et le d\u00e9veloppement d\u2019Andalousie IDEA, une incitation de 5,64 millions d\u2019euros pour la construction d\u2019installations logistiques destin\u00e9es au transport de marchandises r\u00e9frig\u00e9r\u00e9es dans le port de Huelva par l\u2019entreprise Frigor\u00edficos Portuarios del Sur.<\/p>\r\n<p>Avec un terminal \u00e0 conteneurs de 58 000 m2 g\u00e9r\u00e9 par la soci\u00e9t\u00e9 Yilport Huelva, le quai sud dispose de 240 prises Reefer pour marchandises, ainsi que divers autres services, tels qu\u2019un poste de contr\u00f4le frontalier (BCP) moderne, situ\u00e9 \u00e0 proximit\u00e9. Cette plateforme intermodale, qui combine diff\u00e9rents modes de transport, comprend une zone Ro-Ro de 55 000 m2, \u00e9quip\u00e9e de 16 prises \u00e9lectriques pour les camions dans une zone multifonctions.<\/p>\r\n<p>&nbsp;<\/p>\r\n","protected":false},"excerpt":{"rendered":"<p>06\/10\/2022 LA PR\u00c9SENTATION OFFICIELLE DE LA PLATEFORME LOGISTIQUE DU FROID POUR MARCHANDISES \u00c0 TEMP\u00c9RATURE CONTR\u00d4L\u00c9E A EU LIEU CE MERCREDI&#8230;<\/p>\n","protected":false},"author":1,"featured_media":0,"comment_status":"closed","ping_status":"open","sticky":false,"template":"","format":"standard","meta":{"footnotes":""},"categories":[40],"tags":[63,62,54,55,51,58,59,57,52,61,60],"class_list":{"0":"post-2950","1":"post","2":"type-post","3":"status-publish","4":"format-standard","6":"category-non-classifiee","7":"tag-almacenaje-fr","8":"tag-congelacion-fr","9":"tag-frigorificos-portuarios-del-sur-fr","10":"tag-frio-sostenible-fr","11":"tag-froid","12":"tag-hub-logisitico-del-frio-fr","13":"tag-hub-logistico-fr","14":"tag-pose-de-la-premiere-pierre","15":"tag-puerto-de-huelva-fr","16":"tag-regasificacion-fr","17":"tag-sector-agroalimentario-fr"},"_links":{"self":[{"href":"https:\/\/friportsur.com\/fr\/wp-json\/wp\/v2\/posts\/2950","targetHints":{"allow":["GET"]}}],"collection":[{"href":"https:\/\/friportsur.com\/fr\/wp-json\/wp\/v2\/posts"}],"about":[{"href":"https:\/\/friportsur.com\/fr\/wp-json\/wp\/v2\/types\/post"}],"author":[{"embeddable":true,"href":"https:\/\/friportsur.com\/fr\/wp-json\/wp\/v2\/users\/1"}],"replies":[{"embeddable":true,"href":"https:\/\/friportsur.com\/fr\/wp-json\/wp\/v2\/comments?post=2950"}],"version-history":[{"count":6,"href":"https:\/\/friportsur.com\/fr\/wp-json\/wp\/v2\/posts\/2950\/revisions"}],"predecessor-version":[{"id":2963,"href":"https:\/\/friportsur.com\/fr\/wp-json\/wp\/v2\/posts\/2950\/revisions\/2963"}],"wp:attachment":[{"href":"https:\/\/friportsur.com\/fr\/wp-json\/wp\/v2\/media?parent=2950"}],"wp:term":[{"taxonomy":"category","embeddable":true,"href":"https:\/\/friportsur.com\/fr\/wp-json\/wp\/v2\/categories?post=2950"},{"taxonomy":"post_tag","embeddable":true,"href":"https:\/\/friportsur.com\/fr\/wp-json\/wp\/v2\/tags?post=2950"}],"curies":[{"name":"wp","href":"https:\/\/api.w.org\/{rel}","templated":true}]}}